{"id":34028,"date":"2018-03-07T16:34:28","date_gmt":"2018-03-07T15:34:28","guid":{"rendered":"https:\/\/hezten.eus\/es\/?p=34028"},"modified":"2019-10-31T12:12:21","modified_gmt":"2019-10-31T11:12:21","slug":"deporte-de-modelo-d","status":"publish","type":"post","link":"https:\/\/hezten.eus\/es\/2018\/03\/07\/deporte-de-modelo-d\/","title":{"rendered":"DEPORTE DE MODELO D"},"content":{"rendered":"[spb_row width=\u00bb1\/1&#8243; el_position=\u00bbfirst last\u00bb] [spb_text_block title=\u00bbDEPORTE DE MODELO D\u00bb pb_margin_bottom=\u00bbno\u00bb pb_border_bottom=\u00bbno\u00bb width=\u00bb1\/1&#8243; el_position=\u00bbfirst last\u00bb]\n<p>El deporte se ha convertido en una elecci\u00f3n de ocio muy popular entre los ni\u00f1os y los j\u00f3venes. En los estudios sobre el idioma realizados en los \u00faltimos a\u00f1os (Arrue, 2011) ha quedado de manifiesto que el uso del euskera en las actividades extraescolares es un factor determinante para consolidar los h\u00e1bitos ling\u00fc\u00edsticos y para aumentar el uso del idioma entre los ni\u00f1os-ni\u00f1as y los j\u00f3venes.<\/p>\n<p>Partiendo de esta premisa, el Cl\u00faster de Socioling\u00fc\u00edstica, con la ayuda de la Viceconsejer\u00eda de Pol\u00edtica Ling\u00fc\u00edstica del Gobierno Vasco y con el apoyo de la Direcci\u00f3n General de Igualdad Ling\u00fc\u00edstica de la Diputaci\u00f3n Foral de Gipuzkoa, puso en marcha una investigaci\u00f3n hace dos a\u00f1os. Urtxintxa participa en dicha investigaci\u00f3n, junto con los investigadores del departamento de Antropolog\u00eda Social de la UPV\/EHU y la asociaci\u00f3n Euskaltzaleen Topagunea.<\/p>\n<p>El principal objetivo de este estudio es analizar la importancia que tiene<img loading=\"lazy\" decoding=\"async\" class=\"size-medium wp-image-34029 alignleft\" src=\"https:\/\/hezten.eus\/wp-content\/uploads\/2018\/03\/20180131_184836-1-300x169.jpg\" alt=\"20180131_184836\" width=\"300\" height=\"169\" srcset=\"https:\/\/hezten.eus\/wp-content\/uploads\/2018\/03\/20180131_184836-1-300x169.jpg 300w, https:\/\/hezten.eus\/wp-content\/uploads\/2018\/03\/20180131_184836-1-250x141.jpg 250w, https:\/\/hezten.eus\/wp-content\/uploads\/2018\/03\/20180131_184836-1-768x432.jpg 768w, https:\/\/hezten.eus\/wp-content\/uploads\/2018\/03\/20180131_184836-1-1024x576.jpg 1024w, https:\/\/hezten.eus\/wp-content\/uploads\/2018\/03\/20180131_184836-1-600x338.jpg 600w, https:\/\/hezten.eus\/wp-content\/uploads\/2018\/03\/20180131_184836-1-1280x720.jpg 1280w\" sizes=\"auto, (max-width: 300px) 100vw, 300px\" \/> la comunicaci\u00f3n en el \u00e1mbito deportivo y la presencia que ocupa el euskera en el deporte. Para ello, estamos trabajando con diferentes impulsores, entrenadores, deportistas, responsables, espectadores\u2026 para intentar avanzar hacia una comunicaci\u00f3n en euskera que resulte c\u00f3moda y sin temores, para superar las dificultades y las dudas existentes y dar as\u00ed prioridad al euskera abri\u00e9ndole paso en el \u00e1mbito deportivo.<\/p>\n<p>En un principio, las disciplinas deportivas seleccionadas para el estudio fueron la pelota vasca, el voleibol, el balonmano y el f\u00fatbol. Hoy en d\u00eda, participamos directamente con el Equipo de la real Sociedad de F\u00fatbol de San Sebasti\u00e1n, con la Asociaci\u00f3n de Pelota Vasca Zaramaga de Vitoria y con el equipo femenino de baloncesto Padura de Astigarraga.<\/p>\n<p>Estamos llevando a cabo nuestra participaci\u00f3n activa en este interesante estudio con mucha ilusi\u00f3n, puesto que en Urtxintxa tenemos claro que en el \u00e1mbito deportivo es necesario impulsar el euskera y avanzar en su uso, y la experiencia de participar directamente en dicho estudio est\u00e1 siendo muy enriquecedora, ya que nos est\u00e1 permitiendo recabar informaci\u00f3n sobre la realidad ling\u00fc\u00edstica.<\/p>\n[\/spb_text_block] [\/spb_row]\n","protected":false},"excerpt":{"rendered":"<p>El deporte se ha convertido en una elecci\u00f3n de ocio muy popular entre los ni\u00f1os y los j\u00f3venes. En los estudios sobre el idioma realizados en los \u00faltimos a\u00f1os (Arrue, 2011) ha quedado de manifiesto que el uso del euskera en las actividades extraescolares es un factor determinante para consolidar los h\u00e1bitos ling\u00fc\u00edsticos y para aumentar el uso del idioma entre los ni\u00f1os-ni\u00f1as y los j\u00f3venes.<\/p>\n","protected":false},"author":4,"featured_media":34025,"comment_status":"closed","ping_status":"closed","sticky":false,"template":"","format":"standard","meta":{"footnotes":""},"categories":[1,513],"tags":[],"class_list":{"0":"post-34028","1":"post","2":"type-post","3":"status-publish","4":"format-standard","5":"has-post-thumbnail","7":"category-sailkatugabeak","8":"category-soziolinguistika"},"yoast_head":"<!-- This site is optimized with the Yoast SEO plugin v27.3 - https:\/\/yoast.com\/product\/yoast-seo-wordpress\/ -->\n<title>DEPORTE DE MODELO D - Hezten<\/title>\n<meta name=\"robots\" content=\"index, follow, max-snippet:-1, max-image-preview:large, max-video-preview:-1\" \/>\n<link rel=\"canonical\" href=\"https:\/\/hezten.eus\/es\/2018\/03\/07\/deporte-de-modelo-d\/\" \/>\n<meta property=\"og:locale\" content=\"es_ES\" \/>\n<meta property=\"og:type\" content=\"article\" \/>\n<meta property=\"og:title\" content=\"DEPORTE DE MODELO D - Hezten\" \/>\n<meta property=\"og:description\" content=\"El deporte se ha convertido en una elecci\u00f3n de ocio muy popular entre los ni\u00f1os y los j\u00f3venes. En los estudios sobre el idioma realizados en los \u00faltimos a\u00f1os (Arrue, 2011) ha quedado de manifiesto que el uso del euskera en las actividades extraescolares es un factor determinante para consolidar los h\u00e1bitos ling\u00fc\u00edsticos y para aumentar el uso del idioma entre los ni\u00f1os-ni\u00f1as y los j\u00f3venes.\" \/>\n<meta property=\"og:url\" content=\"https:\/\/hezten.eus\/es\/2018\/03\/07\/deporte-de-modelo-d\/\" \/>\n<meta property=\"og:site_name\" content=\"Hezten\" \/>\n<meta property=\"article:published_time\" content=\"2018-03-07T15:34:28+00:00\" \/>\n<meta property=\"article:modified_time\" content=\"2019-10-31T11:12:21+00:00\" \/>\n<meta property=\"og:image\" content=\"https:\/\/hezten.eus\/wp-content\/uploads\/2018\/03\/20180131_184836-scaled.jpg\" \/>\n\t<meta property=\"og:image:width\" content=\"2560\" \/>\n\t<meta property=\"og:image:height\" content=\"1440\" \/>\n\t<meta property=\"og:image:type\" content=\"image\/jpeg\" \/>\n<meta name=\"author\" content=\"Hezten\" \/>\n<meta name=\"twitter:card\" content=\"summary_large_image\" \/>\n<meta name=\"twitter:label1\" content=\"Escrito por\" \/>\n\t<meta name=\"twitter:data1\" content=\"Hezten\" \/>\n\t<meta name=\"twitter:label2\" content=\"Tiempo de lectura\" \/>\n\t<meta name=\"twitter:data2\" content=\"2 minutos\" \/>\n<script type=\"application\/ld+json\" class=\"yoast-schema-graph\">{\"@context\":\"https:\\\/\\\/schema.org\",\"@graph\":[{\"@type\":\"Article\",\"@id\":\"https:\\\/\\\/hezten.eus\\\/es\\\/2018\\\/03\\\/07\\\/deporte-de-modelo-d\\\/#article\",\"isPartOf\":{\"@id\":\"https:\\\/\\\/hezten.eus\\\/es\\\/2018\\\/03\\\/07\\\/deporte-de-modelo-d\\\/\"},\"author\":{\"name\":\"Hezten\",\"@id\":\"https:\\\/\\\/hezten.eus\\\/es\\\/#\\\/schema\\\/person\\\/48c7a4175f238c4b0d6b06793d4be144\"},\"headline\":\"DEPORTE DE MODELO D\",\"datePublished\":\"2018-03-07T15:34:28+00:00\",\"dateModified\":\"2019-10-31T11:12:21+00:00\",\"mainEntityOfPage\":{\"@id\":\"https:\\\/\\\/hezten.eus\\\/es\\\/2018\\\/03\\\/07\\\/deporte-de-modelo-d\\\/\"},\"wordCount\":394,\"image\":{\"@id\":\"https:\\\/\\\/hezten.eus\\\/es\\\/2018\\\/03\\\/07\\\/deporte-de-modelo-d\\\/#primaryimage\"},\"thumbnailUrl\":\"https:\\\/\\\/hezten.eus\\\/wp-content\\\/uploads\\\/2018\\\/03\\\/20180131_184836-scaled.jpg\",\"articleSection\":[\"Sailkatu gabea\",\"soziolinguistika\"],\"inLanguage\":\"es\"},{\"@type\":\"WebPage\",\"@id\":\"https:\\\/\\\/hezten.eus\\\/es\\\/2018\\\/03\\\/07\\\/deporte-de-modelo-d\\\/\",\"url\":\"https:\\\/\\\/hezten.eus\\\/es\\\/2018\\\/03\\\/07\\\/deporte-de-modelo-d\\\/\",\"name\":\"DEPORTE DE MODELO D - Hezten\",\"isPartOf\":{\"@id\":\"https:\\\/\\\/hezten.eus\\\/es\\\/#website\"},\"primaryImageOfPage\":{\"@id\":\"https:\\\/\\\/hezten.eus\\\/es\\\/2018\\\/03\\\/07\\\/deporte-de-modelo-d\\\/#primaryimage\"},\"image\":{\"@id\":\"https:\\\/\\\/hezten.eus\\\/es\\\/2018\\\/03\\\/07\\\/deporte-de-modelo-d\\\/#primaryimage\"},\"thumbnailUrl\":\"https:\\\/\\\/hezten.eus\\\/wp-content\\\/uploads\\\/2018\\\/03\\\/20180131_184836-scaled.jpg\",\"datePublished\":\"2018-03-07T15:34:28+00:00\",\"dateModified\":\"2019-10-31T11:12:21+00:00\",\"author\":{\"@id\":\"https:\\\/\\\/hezten.eus\\\/es\\\/#\\\/schema\\\/person\\\/48c7a4175f238c4b0d6b06793d4be144\"},\"breadcrumb\":{\"@id\":\"https:\\\/\\\/hezten.eus\\\/es\\\/2018\\\/03\\\/07\\\/deporte-de-modelo-d\\\/#breadcrumb\"},\"inLanguage\":\"es\",\"potentialAction\":[{\"@type\":\"ReadAction\",\"target\":[\"https:\\\/\\\/hezten.eus\\\/es\\\/2018\\\/03\\\/07\\\/deporte-de-modelo-d\\\/\"]}]},{\"@type\":\"ImageObject\",\"inLanguage\":\"es\",\"@id\":\"https:\\\/\\\/hezten.eus\\\/es\\\/2018\\\/03\\\/07\\\/deporte-de-modelo-d\\\/#primaryimage\",\"url\":\"https:\\\/\\\/hezten.eus\\\/wp-content\\\/uploads\\\/2018\\\/03\\\/20180131_184836-scaled.jpg\",\"contentUrl\":\"https:\\\/\\\/hezten.eus\\\/wp-content\\\/uploads\\\/2018\\\/03\\\/20180131_184836-scaled.jpg\",\"width\":2560,\"height\":1440},{\"@type\":\"BreadcrumbList\",\"@id\":\"https:\\\/\\\/hezten.eus\\\/es\\\/2018\\\/03\\\/07\\\/deporte-de-modelo-d\\\/#breadcrumb\",\"itemListElement\":[{\"@type\":\"ListItem\",\"position\":1,\"name\":\"Home\",\"item\":\"https:\\\/\\\/hezten.eus\\\/es\\\/\"},{\"@type\":\"ListItem\",\"position\":2,\"name\":\"DEPORTE DE MODELO D\"}]},{\"@type\":\"WebSite\",\"@id\":\"https:\\\/\\\/hezten.eus\\\/es\\\/#website\",\"url\":\"https:\\\/\\\/hezten.eus\\\/es\\\/\",\"name\":\"Hezten\",\"description\":\"Aisialdi euskaltzalea\",\"potentialAction\":[{\"@type\":\"SearchAction\",\"target\":{\"@type\":\"EntryPoint\",\"urlTemplate\":\"https:\\\/\\\/hezten.eus\\\/es\\\/?s={search_term_string}\"},\"query-input\":{\"@type\":\"PropertyValueSpecification\",\"valueRequired\":true,\"valueName\":\"search_term_string\"}}],\"inLanguage\":\"es\"},{\"@type\":\"Person\",\"@id\":\"https:\\\/\\\/hezten.eus\\\/es\\\/#\\\/schema\\\/person\\\/48c7a4175f238c4b0d6b06793d4be144\",\"name\":\"Hezten\",\"image\":{\"@type\":\"ImageObject\",\"inLanguage\":\"es\",\"@id\":\"https:\\\/\\\/secure.gravatar.com\\\/avatar\\\/03052a6a26f731eedce3e835935d25c23b90011aa7fcec3f7e0eded763c94a3b?s=96&d=mm&r=g\",\"url\":\"https:\\\/\\\/secure.gravatar.com\\\/avatar\\\/03052a6a26f731eedce3e835935d25c23b90011aa7fcec3f7e0eded763c94a3b?s=96&d=mm&r=g\",\"contentUrl\":\"https:\\\/\\\/secure.gravatar.com\\\/avatar\\\/03052a6a26f731eedce3e835935d25c23b90011aa7fcec3f7e0eded763c94a3b?s=96&d=mm&r=g\",\"caption\":\"Hezten\"},\"url\":\"https:\\\/\\\/hezten.eus\\\/es\\\/author\\\/urtxintxa\\\/\"}]}<\/script>\n<!-- \/ Yoast SEO plugin. -->","yoast_head_json":{"title":"DEPORTE DE MODELO D - Hezten","robots":{"index":"index","follow":"follow","max-snippet":"max-snippet:-1","max-image-preview":"max-image-preview:large","max-video-preview":"max-video-preview:-1"},"canonical":"https:\/\/hezten.eus\/es\/2018\/03\/07\/deporte-de-modelo-d\/","og_locale":"es_ES","og_type":"article","og_title":"DEPORTE DE MODELO D - Hezten","og_description":"El deporte se ha convertido en una elecci\u00f3n de ocio muy popular entre los ni\u00f1os y los j\u00f3venes. En los estudios sobre el idioma realizados en los \u00faltimos a\u00f1os (Arrue, 2011) ha quedado de manifiesto que el uso del euskera en las actividades extraescolares es un factor determinante para consolidar los h\u00e1bitos ling\u00fc\u00edsticos y para aumentar el uso del idioma entre los ni\u00f1os-ni\u00f1as y los j\u00f3venes.","og_url":"https:\/\/hezten.eus\/es\/2018\/03\/07\/deporte-de-modelo-d\/","og_site_name":"Hezten","article_published_time":"2018-03-07T15:34:28+00:00","article_modified_time":"2019-10-31T11:12:21+00:00","og_image":[{"width":2560,"height":1440,"url":"https:\/\/hezten.eus\/wp-content\/uploads\/2018\/03\/20180131_184836-scaled.jpg","type":"image\/jpeg"}],"author":"Hezten","twitter_card":"summary_large_image","twitter_misc":{"Escrito por":"Hezten","Tiempo de lectura":"2 minutos"},"schema":{"@context":"https:\/\/schema.org","@graph":[{"@type":"Article","@id":"https:\/\/hezten.eus\/es\/2018\/03\/07\/deporte-de-modelo-d\/#article","isPartOf":{"@id":"https:\/\/hezten.eus\/es\/2018\/03\/07\/deporte-de-modelo-d\/"},"author":{"name":"Hezten","@id":"https:\/\/hezten.eus\/es\/#\/schema\/person\/48c7a4175f238c4b0d6b06793d4be144"},"headline":"DEPORTE DE MODELO D","datePublished":"2018-03-07T15:34:28+00:00","dateModified":"2019-10-31T11:12:21+00:00","mainEntityOfPage":{"@id":"https:\/\/hezten.eus\/es\/2018\/03\/07\/deporte-de-modelo-d\/"},"wordCount":394,"image":{"@id":"https:\/\/hezten.eus\/es\/2018\/03\/07\/deporte-de-modelo-d\/#primaryimage"},"thumbnailUrl":"https:\/\/hezten.eus\/wp-content\/uploads\/2018\/03\/20180131_184836-scaled.jpg","articleSection":["Sailkatu gabea","soziolinguistika"],"inLanguage":"es"},{"@type":"WebPage","@id":"https:\/\/hezten.eus\/es\/2018\/03\/07\/deporte-de-modelo-d\/","url":"https:\/\/hezten.eus\/es\/2018\/03\/07\/deporte-de-modelo-d\/","name":"DEPORTE DE MODELO D - Hezten","isPartOf":{"@id":"https:\/\/hezten.eus\/es\/#website"},"primaryImageOfPage":{"@id":"https:\/\/hezten.eus\/es\/2018\/03\/07\/deporte-de-modelo-d\/#primaryimage"},"image":{"@id":"https:\/\/hezten.eus\/es\/2018\/03\/07\/deporte-de-modelo-d\/#primaryimage"},"thumbnailUrl":"https:\/\/hezten.eus\/wp-content\/uploads\/2018\/03\/20180131_184836-scaled.jpg","datePublished":"2018-03-07T15:34:28+00:00","dateModified":"2019-10-31T11:12:21+00:00","author":{"@id":"https:\/\/hezten.eus\/es\/#\/schema\/person\/48c7a4175f238c4b0d6b06793d4be144"},"breadcrumb":{"@id":"https:\/\/hezten.eus\/es\/2018\/03\/07\/deporte-de-modelo-d\/#breadcrumb"},"inLanguage":"es","potentialAction":[{"@type":"ReadAction","target":["https:\/\/hezten.eus\/es\/2018\/03\/07\/deporte-de-modelo-d\/"]}]},{"@type":"ImageObject","inLanguage":"es","@id":"https:\/\/hezten.eus\/es\/2018\/03\/07\/deporte-de-modelo-d\/#primaryimage","url":"https:\/\/hezten.eus\/wp-content\/uploads\/2018\/03\/20180131_184836-scaled.jpg","contentUrl":"https:\/\/hezten.eus\/wp-content\/uploads\/2018\/03\/20180131_184836-scaled.jpg","width":2560,"height":1440},{"@type":"BreadcrumbList","@id":"https:\/\/hezten.eus\/es\/2018\/03\/07\/deporte-de-modelo-d\/#breadcrumb","itemListElement":[{"@type":"ListItem","position":1,"name":"Home","item":"https:\/\/hezten.eus\/es\/"},{"@type":"ListItem","position":2,"name":"DEPORTE DE MODELO D"}]},{"@type":"WebSite","@id":"https:\/\/hezten.eus\/es\/#website","url":"https:\/\/hezten.eus\/es\/","name":"Hezten","description":"Aisialdi euskaltzalea","potentialAction":[{"@type":"SearchAction","target":{"@type":"EntryPoint","urlTemplate":"https:\/\/hezten.eus\/es\/?s={search_term_string}"},"query-input":{"@type":"PropertyValueSpecification","valueRequired":true,"valueName":"search_term_string"}}],"inLanguage":"es"},{"@type":"Person","@id":"https:\/\/hezten.eus\/es\/#\/schema\/person\/48c7a4175f238c4b0d6b06793d4be144","name":"Hezten","image":{"@type":"ImageObject","inLanguage":"es","@id":"https:\/\/secure.gravatar.com\/avatar\/03052a6a26f731eedce3e835935d25c23b90011aa7fcec3f7e0eded763c94a3b?s=96&d=mm&r=g","url":"https:\/\/secure.gravatar.com\/avatar\/03052a6a26f731eedce3e835935d25c23b90011aa7fcec3f7e0eded763c94a3b?s=96&d=mm&r=g","contentUrl":"https:\/\/secure.gravatar.com\/avatar\/03052a6a26f731eedce3e835935d25c23b90011aa7fcec3f7e0eded763c94a3b?s=96&d=mm&r=g","caption":"Hezten"},"url":"https:\/\/hezten.eus\/es\/author\/urtxintxa\/"}]}},"_links":{"self":[{"href":"https:\/\/hezten.eus\/es\/wp-json\/wp\/v2\/posts\/34028","targetHints":{"allow":["GET"]}}],"collection":[{"href":"https:\/\/hezten.eus\/es\/wp-json\/wp\/v2\/posts"}],"about":[{"href":"https:\/\/hezten.eus\/es\/wp-json\/wp\/v2\/types\/post"}],"author":[{"embeddable":true,"href":"https:\/\/hezten.eus\/es\/wp-json\/wp\/v2\/users\/4"}],"replies":[{"embeddable":true,"href":"https:\/\/hezten.eus\/es\/wp-json\/wp\/v2\/comments?post=34028"}],"version-history":[{"count":4,"href":"https:\/\/hezten.eus\/es\/wp-json\/wp\/v2\/posts\/34028\/revisions"}],"predecessor-version":[{"id":39974,"href":"https:\/\/hezten.eus\/es\/wp-json\/wp\/v2\/posts\/34028\/revisions\/39974"}],"wp:featuredmedia":[{"embeddable":true,"href":"https:\/\/hezten.eus\/es\/wp-json\/wp\/v2\/media\/34025"}],"wp:attachment":[{"href":"https:\/\/hezten.eus\/es\/wp-json\/wp\/v2\/media?parent=34028"}],"wp:term":[{"taxonomy":"category","embeddable":true,"href":"https:\/\/hezten.eus\/es\/wp-json\/wp\/v2\/categories?post=34028"},{"taxonomy":"post_tag","embeddable":true,"href":"https:\/\/hezten.eus\/es\/wp-json\/wp\/v2\/tags?post=34028"}],"curies":[{"name":"wp","href":"https:\/\/api.w.org\/{rel}","templated":true}]}}